{"id":363,"date":"2025-09-10T10:32:38","date_gmt":"2025-09-10T13:32:38","guid":{"rendered":"https:\/\/laboratorios.ufrrj.br\/farmaciaescola\/?p=363"},"modified":"2025-09-10T10:32:39","modified_gmt":"2025-09-10T13:32:39","slug":"atualizacao-do-edital-dcfar-01-2025-de-extensao-voluntaria","status":"publish","type":"post","link":"https:\/\/laboratorios.ufrrj.br\/farmaciaescola\/atualizacao-do-edital-dcfar-01-2025-de-extensao-voluntaria\/","title":{"rendered":"Atualiza\u00e7\u00e3o do Edital DCFar 01\/2025 de Extens\u00e3o Volunt\u00e1ria"},"content":{"rendered":"\n<p>Aten\u00e7\u00e3o! <\/p>\n\n\n\n<p>O Edital foi atualizado para as atividades de 2025.2, se voc\u00ea participou do processo seletivo confira as novas datas.<\/p>\n\n\n\n<p><\/p>\n\n\n\n<div data-wp-interactive=\"core\/file\" class=\"wp-block-file\"><object data-wp-bind--hidden=\"!state.hasPdfPreview\" hidden class=\"wp-block-file__embed\" data=\"https:\/\/laboratorios.ufrrj.br\/farmaciaescola\/wp-content\/uploads\/sites\/32\/2025\/09\/Edital-01-25-extensao_voluntaria_FEM.docx.pdf\" type=\"application\/pdf\" style=\"width:100%;height:600px\" aria-label=\"Incorporado de Edital-01-25-extensao_voluntaria_FEM.docx.\"><\/object><a id=\"wp-block-file--media-8e8f715d-e7f7-44f4-a44c-e2d84469e49d\" href=\"https:\/\/laboratorios.ufrrj.br\/farmaciaescola\/wp-content\/uploads\/sites\/32\/2025\/09\/Edital-01-25-extensao_voluntaria_FEM.docx.pdf\">Edital-01-25-extensao_voluntaria_FEM.docx<\/a><a href=\"https:\/\/laboratorios.ufrrj.br\/farmaciaescola\/wp-content\/uploads\/sites\/32\/2025\/09\/Edital-01-25-extensao_voluntaria_FEM.docx.pdf\" class=\"wp-block-file__button wp-element-button\" download aria-describedby=\"wp-block-file--media-8e8f715d-e7f7-44f4-a44c-e2d84469e49d\">Baixar<\/a><\/div>\n","protected":false},"excerpt":{"rendered":"<p>Aten\u00e7\u00e3o! O Edital foi atualizado para as atividades de 2025.2, se voc\u00ea participou do processo seletivo confira as novas datas.<\/p>\n","protected":false},"author":35,"featured_media":108,"comment_status":"open","ping_status":"open","sticky":false,"template":"","format":"standard","meta":{"_acf_changed":false,"footnotes":""},"categories":[2],"tags":[],"class_list":["post-363","post","type-post","status-publish","format-standard","has-post-thumbnail","hentry","category-noticias"],"acf":[],"yoast_head":"<!-- This site is optimized with the Yoast SEO plugin v26.8 - https:\/\/yoast.com\/product\/yoast-seo-wordpress\/ -->\n<title>Atualiza\u00e7\u00e3o do Edital DCFar 01\/2025 de Extens\u00e3o Volunt\u00e1ria - Laborat\u00f3rio Farm\u00e1cia Escola<\/title>\n<meta name=\"robots\" content=\"index, follow, max-snippet:-1, max-image-preview:large, max-video-preview:-1\" \/>\n<link rel=\"canonical\" href=\"https:\/\/laboratorios.ufrrj.br\/farmaciaescola\/atualizacao-do-edital-dcfar-01-2025-de-extensao-voluntaria\/\" \/>\n<meta property=\"og:locale\" content=\"pt_BR\" \/>\n<meta property=\"og:type\" content=\"article\" \/>\n<meta property=\"og:title\" content=\"Atualiza\u00e7\u00e3o do Edital DCFar 01\/2025 de Extens\u00e3o Volunt\u00e1ria - Laborat\u00f3rio Farm\u00e1cia Escola\" \/>\n<meta property=\"og:description\" content=\"Aten\u00e7\u00e3o! O Edital foi atualizado para as atividades de 2025.2, se voc\u00ea participou do processo seletivo confira as novas datas.\" \/>\n<meta property=\"og:url\" content=\"https:\/\/laboratorios.ufrrj.br\/farmaciaescola\/atualizacao-do-edital-dcfar-01-2025-de-extensao-voluntaria\/\" \/>\n<meta property=\"og:site_name\" content=\"Laborat\u00f3rio Farm\u00e1cia Escola\" \/>\n<meta property=\"article:published_time\" content=\"2025-09-10T13:32:38+00:00\" \/>\n<meta property=\"article:modified_time\" content=\"2025-09-10T13:32:39+00:00\" \/>\n<meta property=\"og:image\" content=\"https:\/\/laboratorios.ufrrj.br\/farmaciaescola\/wp-content\/uploads\/sites\/32\/2021\/09\/WhatsApp-Image-2020-10-26-at-15.21.25.jpeg\" \/>\n\t<meta property=\"og:image:width\" content=\"1280\" \/>\n\t<meta property=\"og:image:height\" content=\"644\" \/>\n\t<meta property=\"og:image:type\" content=\"image\/jpeg\" \/>\n<meta name=\"author\" content=\"vsmagalhaes\" \/>\n<meta name=\"twitter:card\" content=\"summary_large_image\" \/>\n<meta name=\"twitter:label1\" content=\"Escrito por\" \/>\n\t<meta name=\"twitter:data1\" content=\"vsmagalhaes\" \/>\n<script type=\"application\/ld+json\" class=\"yoast-schema-graph\">{\"@context\":\"https:\/\/schema.org\",\"@graph\":[{\"@type\":\"Article\",\"@id\":\"https:\/\/laboratorios.ufrrj.br\/farmaciaescola\/atualizacao-do-edital-dcfar-01-2025-de-extensao-voluntaria\/#article\",\"isPartOf\":{\"@id\":\"https:\/\/laboratorios.ufrrj.br\/farmaciaescola\/atualizacao-do-edital-dcfar-01-2025-de-extensao-voluntaria\/\"},\"author\":{\"name\":\"vsmagalhaes\",\"@id\":\"https:\/\/laboratorios.ufrrj.br\/farmaciaescola\/#\/schema\/person\/96fe1af3a10f5566f2f94818a672fdc8\"},\"headline\":\"Atualiza\u00e7\u00e3o do Edital DCFar 01\/2025 de Extens\u00e3o Volunt\u00e1ria\",\"datePublished\":\"2025-09-10T13:32:38+00:00\",\"dateModified\":\"2025-09-10T13:32:39+00:00\",\"mainEntityOfPage\":{\"@id\":\"https:\/\/laboratorios.ufrrj.br\/farmaciaescola\/atualizacao-do-edital-dcfar-01-2025-de-extensao-voluntaria\/\"},\"wordCount\":37,\"commentCount\":0,\"image\":{\"@id\":\"https:\/\/laboratorios.ufrrj.br\/farmaciaescola\/atualizacao-do-edital-dcfar-01-2025-de-extensao-voluntaria\/#primaryimage\"},\"thumbnailUrl\":\"https:\/\/laboratorios.ufrrj.br\/farmaciaescola\/wp-content\/uploads\/sites\/32\/2021\/09\/WhatsApp-Image-2020-10-26-at-15.21.25.jpeg\",\"articleSection\":[\"Not\u00edcias\"],\"inLanguage\":\"pt-BR\",\"potentialAction\":[{\"@type\":\"CommentAction\",\"name\":\"Comment\",\"target\":[\"https:\/\/laboratorios.ufrrj.br\/farmaciaescola\/atualizacao-do-edital-dcfar-01-2025-de-extensao-voluntaria\/#respond\"]}]},{\"@type\":\"WebPage\",\"@id\":\"https:\/\/laboratorios.ufrrj.br\/farmaciaescola\/atualizacao-do-edital-dcfar-01-2025-de-extensao-voluntaria\/\",\"url\":\"https:\/\/laboratorios.ufrrj.br\/farmaciaescola\/atualizacao-do-edital-dcfar-01-2025-de-extensao-voluntaria\/\",\"name\":\"Atualiza\u00e7\u00e3o do Edital DCFar 01\/2025 de Extens\u00e3o Volunt\u00e1ria - Laborat\u00f3rio Farm\u00e1cia Escola\",\"isPartOf\":{\"@id\":\"https:\/\/laboratorios.ufrrj.br\/farmaciaescola\/#website\"},\"primaryImageOfPage\":{\"@id\":\"https:\/\/laboratorios.ufrrj.br\/farmaciaescola\/atualizacao-do-edital-dcfar-01-2025-de-extensao-voluntaria\/#primaryimage\"},\"image\":{\"@id\":\"https:\/\/laboratorios.ufrrj.br\/farmaciaescola\/atualizacao-do-edital-dcfar-01-2025-de-extensao-voluntaria\/#primaryimage\"},\"thumbnailUrl\":\"https:\/\/laboratorios.ufrrj.br\/farmaciaescola\/wp-content\/uploads\/sites\/32\/2021\/09\/WhatsApp-Image-2020-10-26-at-15.21.25.jpeg\",\"datePublished\":\"2025-09-10T13:32:38+00:00\",\"dateModified\":\"2025-09-10T13:32:39+00:00\",\"author\":{\"@id\":\"https:\/\/laboratorios.ufrrj.br\/farmaciaescola\/#\/schema\/person\/96fe1af3a10f5566f2f94818a672fdc8\"},\"breadcrumb\":{\"@id\":\"https:\/\/laboratorios.ufrrj.br\/farmaciaescola\/atualizacao-do-edital-dcfar-01-2025-de-extensao-voluntaria\/#breadcrumb\"},\"inLanguage\":\"pt-BR\",\"potentialAction\":[{\"@type\":\"ReadAction\",\"target\":[\"https:\/\/laboratorios.ufrrj.br\/farmaciaescola\/atualizacao-do-edital-dcfar-01-2025-de-extensao-voluntaria\/\"]}]},{\"@type\":\"ImageObject\",\"inLanguage\":\"pt-BR\",\"@id\":\"https:\/\/laboratorios.ufrrj.br\/farmaciaescola\/atualizacao-do-edital-dcfar-01-2025-de-extensao-voluntaria\/#primaryimage\",\"url\":\"https:\/\/laboratorios.ufrrj.br\/farmaciaescola\/wp-content\/uploads\/sites\/32\/2021\/09\/WhatsApp-Image-2020-10-26-at-15.21.25.jpeg\",\"contentUrl\":\"https:\/\/laboratorios.ufrrj.br\/farmaciaescola\/wp-content\/uploads\/sites\/32\/2021\/09\/WhatsApp-Image-2020-10-26-at-15.21.25.jpeg\",\"width\":1280,\"height\":644},{\"@type\":\"BreadcrumbList\",\"@id\":\"https:\/\/laboratorios.ufrrj.br\/farmaciaescola\/atualizacao-do-edital-dcfar-01-2025-de-extensao-voluntaria\/#breadcrumb\",\"itemListElement\":[{\"@type\":\"ListItem\",\"position\":1,\"name\":\"In\u00edcio\",\"item\":\"https:\/\/laboratorios.ufrrj.br\/farmaciaescola\/\"},{\"@type\":\"ListItem\",\"position\":2,\"name\":\"Atualiza\u00e7\u00e3o do Edital DCFar 01\/2025 de Extens\u00e3o Volunt\u00e1ria\"}]},{\"@type\":\"WebSite\",\"@id\":\"https:\/\/laboratorios.ufrrj.br\/farmaciaescola\/#website\",\"url\":\"https:\/\/laboratorios.ufrrj.br\/farmaciaescola\/\",\"name\":\"Laborat\u00f3rio Farm\u00e1cia Escola\",\"description\":\"UFRRJ\",\"potentialAction\":[{\"@type\":\"SearchAction\",\"target\":{\"@type\":\"EntryPoint\",\"urlTemplate\":\"https:\/\/laboratorios.ufrrj.br\/farmaciaescola\/?s={search_term_string}\"},\"query-input\":{\"@type\":\"PropertyValueSpecification\",\"valueRequired\":true,\"valueName\":\"search_term_string\"}}],\"inLanguage\":\"pt-BR\"},{\"@type\":\"Person\",\"@id\":\"https:\/\/laboratorios.ufrrj.br\/farmaciaescola\/#\/schema\/person\/96fe1af3a10f5566f2f94818a672fdc8\",\"name\":\"vsmagalhaes\",\"image\":{\"@type\":\"ImageObject\",\"inLanguage\":\"pt-BR\",\"@id\":\"https:\/\/laboratorios.ufrrj.br\/farmaciaescola\/#\/schema\/person\/image\/\",\"url\":\"https:\/\/secure.gravatar.com\/avatar\/c7faf72c067e52aaa243d3704eb2bd749e88449b22bd8cd4535de811b2020975?s=96&d=mm&r=g\",\"contentUrl\":\"https:\/\/secure.gravatar.com\/avatar\/c7faf72c067e52aaa243d3704eb2bd749e88449b22bd8cd4535de811b2020975?s=96&d=mm&r=g\",\"caption\":\"vsmagalhaes\"},\"description\":\"Chamado - ID: 32576 (Rural - Seropedica)\",\"url\":\"https:\/\/laboratorios.ufrrj.br\/farmaciaescola\/author\/vsmagalhaes1\/\"}]}<\/script>\n<!-- \/ Yoast SEO plugin. -->","yoast_head_json":{"title":"Atualiza\u00e7\u00e3o do Edital DCFar 01\/2025 de Extens\u00e3o Volunt\u00e1ria - Laborat\u00f3rio Farm\u00e1cia Escola","robots":{"index":"index","follow":"follow","max-snippet":"max-snippet:-1","max-image-preview":"max-image-preview:large","max-video-preview":"max-video-preview:-1"},"canonical":"https:\/\/laboratorios.ufrrj.br\/farmaciaescola\/atualizacao-do-edital-dcfar-01-2025-de-extensao-voluntaria\/","og_locale":"pt_BR","og_type":"article","og_title":"Atualiza\u00e7\u00e3o do Edital DCFar 01\/2025 de Extens\u00e3o Volunt\u00e1ria - Laborat\u00f3rio Farm\u00e1cia Escola","og_description":"Aten\u00e7\u00e3o! O Edital foi atualizado para as atividades de 2025.2, se voc\u00ea participou do processo seletivo confira as novas datas.","og_url":"https:\/\/laboratorios.ufrrj.br\/farmaciaescola\/atualizacao-do-edital-dcfar-01-2025-de-extensao-voluntaria\/","og_site_name":"Laborat\u00f3rio Farm\u00e1cia Escola","article_published_time":"2025-09-10T13:32:38+00:00","article_modified_time":"2025-09-10T13:32:39+00:00","og_image":[{"width":1280,"height":644,"url":"https:\/\/laboratorios.ufrrj.br\/farmaciaescola\/wp-content\/uploads\/sites\/32\/2021\/09\/WhatsApp-Image-2020-10-26-at-15.21.25.jpeg","type":"image\/jpeg"}],"author":"vsmagalhaes","twitter_card":"summary_large_image","twitter_misc":{"Escrito por":"vsmagalhaes"},"schema":{"@context":"https:\/\/schema.org","@graph":[{"@type":"Article","@id":"https:\/\/laboratorios.ufrrj.br\/farmaciaescola\/atualizacao-do-edital-dcfar-01-2025-de-extensao-voluntaria\/#article","isPartOf":{"@id":"https:\/\/laboratorios.ufrrj.br\/farmaciaescola\/atualizacao-do-edital-dcfar-01-2025-de-extensao-voluntaria\/"},"author":{"name":"vsmagalhaes","@id":"https:\/\/laboratorios.ufrrj.br\/farmaciaescola\/#\/schema\/person\/96fe1af3a10f5566f2f94818a672fdc8"},"headline":"Atualiza\u00e7\u00e3o do Edital DCFar 01\/2025 de Extens\u00e3o Volunt\u00e1ria","datePublished":"2025-09-10T13:32:38+00:00","dateModified":"2025-09-10T13:32:39+00:00","mainEntityOfPage":{"@id":"https:\/\/laboratorios.ufrrj.br\/farmaciaescola\/atualizacao-do-edital-dcfar-01-2025-de-extensao-voluntaria\/"},"wordCount":37,"commentCount":0,"image":{"@id":"https:\/\/laboratorios.ufrrj.br\/farmaciaescola\/atualizacao-do-edital-dcfar-01-2025-de-extensao-voluntaria\/#primaryimage"},"thumbnailUrl":"https:\/\/laboratorios.ufrrj.br\/farmaciaescola\/wp-content\/uploads\/sites\/32\/2021\/09\/WhatsApp-Image-2020-10-26-at-15.21.25.jpeg","articleSection":["Not\u00edcias"],"inLanguage":"pt-BR","potentialAction":[{"@type":"CommentAction","name":"Comment","target":["https:\/\/laboratorios.ufrrj.br\/farmaciaescola\/atualizacao-do-edital-dcfar-01-2025-de-extensao-voluntaria\/#respond"]}]},{"@type":"WebPage","@id":"https:\/\/laboratorios.ufrrj.br\/farmaciaescola\/atualizacao-do-edital-dcfar-01-2025-de-extensao-voluntaria\/","url":"https:\/\/laboratorios.ufrrj.br\/farmaciaescola\/atualizacao-do-edital-dcfar-01-2025-de-extensao-voluntaria\/","name":"Atualiza\u00e7\u00e3o do Edital DCFar 01\/2025 de Extens\u00e3o Volunt\u00e1ria - Laborat\u00f3rio Farm\u00e1cia Escola","isPartOf":{"@id":"https:\/\/laboratorios.ufrrj.br\/farmaciaescola\/#website"},"primaryImageOfPage":{"@id":"https:\/\/laboratorios.ufrrj.br\/farmaciaescola\/atualizacao-do-edital-dcfar-01-2025-de-extensao-voluntaria\/#primaryimage"},"image":{"@id":"https:\/\/laboratorios.ufrrj.br\/farmaciaescola\/atualizacao-do-edital-dcfar-01-2025-de-extensao-voluntaria\/#primaryimage"},"thumbnailUrl":"https:\/\/laboratorios.ufrrj.br\/farmaciaescola\/wp-content\/uploads\/sites\/32\/2021\/09\/WhatsApp-Image-2020-10-26-at-15.21.25.jpeg","datePublished":"2025-09-10T13:32:38+00:00","dateModified":"2025-09-10T13:32:39+00:00","author":{"@id":"https:\/\/laboratorios.ufrrj.br\/farmaciaescola\/#\/schema\/person\/96fe1af3a10f5566f2f94818a672fdc8"},"breadcrumb":{"@id":"https:\/\/laboratorios.ufrrj.br\/farmaciaescola\/atualizacao-do-edital-dcfar-01-2025-de-extensao-voluntaria\/#breadcrumb"},"inLanguage":"pt-BR","potentialAction":[{"@type":"ReadAction","target":["https:\/\/laboratorios.ufrrj.br\/farmaciaescola\/atualizacao-do-edital-dcfar-01-2025-de-extensao-voluntaria\/"]}]},{"@type":"ImageObject","inLanguage":"pt-BR","@id":"https:\/\/laboratorios.ufrrj.br\/farmaciaescola\/atualizacao-do-edital-dcfar-01-2025-de-extensao-voluntaria\/#primaryimage","url":"https:\/\/laboratorios.ufrrj.br\/farmaciaescola\/wp-content\/uploads\/sites\/32\/2021\/09\/WhatsApp-Image-2020-10-26-at-15.21.25.jpeg","contentUrl":"https:\/\/laboratorios.ufrrj.br\/farmaciaescola\/wp-content\/uploads\/sites\/32\/2021\/09\/WhatsApp-Image-2020-10-26-at-15.21.25.jpeg","width":1280,"height":644},{"@type":"BreadcrumbList","@id":"https:\/\/laboratorios.ufrrj.br\/farmaciaescola\/atualizacao-do-edital-dcfar-01-2025-de-extensao-voluntaria\/#breadcrumb","itemListElement":[{"@type":"ListItem","position":1,"name":"In\u00edcio","item":"https:\/\/laboratorios.ufrrj.br\/farmaciaescola\/"},{"@type":"ListItem","position":2,"name":"Atualiza\u00e7\u00e3o do Edital DCFar 01\/2025 de Extens\u00e3o Volunt\u00e1ria"}]},{"@type":"WebSite","@id":"https:\/\/laboratorios.ufrrj.br\/farmaciaescola\/#website","url":"https:\/\/laboratorios.ufrrj.br\/farmaciaescola\/","name":"Laborat\u00f3rio Farm\u00e1cia Escola","description":"UFRRJ","potentialAction":[{"@type":"SearchAction","target":{"@type":"EntryPoint","urlTemplate":"https:\/\/laboratorios.ufrrj.br\/farmaciaescola\/?s={search_term_string}"},"query-input":{"@type":"PropertyValueSpecification","valueRequired":true,"valueName":"search_term_string"}}],"inLanguage":"pt-BR"},{"@type":"Person","@id":"https:\/\/laboratorios.ufrrj.br\/farmaciaescola\/#\/schema\/person\/96fe1af3a10f5566f2f94818a672fdc8","name":"vsmagalhaes","image":{"@type":"ImageObject","inLanguage":"pt-BR","@id":"https:\/\/laboratorios.ufrrj.br\/farmaciaescola\/#\/schema\/person\/image\/","url":"https:\/\/secure.gravatar.com\/avatar\/c7faf72c067e52aaa243d3704eb2bd749e88449b22bd8cd4535de811b2020975?s=96&d=mm&r=g","contentUrl":"https:\/\/secure.gravatar.com\/avatar\/c7faf72c067e52aaa243d3704eb2bd749e88449b22bd8cd4535de811b2020975?s=96&d=mm&r=g","caption":"vsmagalhaes"},"description":"Chamado - ID: 32576 (Rural - Seropedica)","url":"https:\/\/laboratorios.ufrrj.br\/farmaciaescola\/author\/vsmagalhaes1\/"}]}},"_links":{"self":[{"href":"https:\/\/laboratorios.ufrrj.br\/farmaciaescola\/wp-json\/wp\/v2\/posts\/363","targetHints":{"allow":["GET"]}}],"collection":[{"href":"https:\/\/laboratorios.ufrrj.br\/farmaciaescola\/wp-json\/wp\/v2\/posts"}],"about":[{"href":"https:\/\/laboratorios.ufrrj.br\/farmaciaescola\/wp-json\/wp\/v2\/types\/post"}],"author":[{"embeddable":true,"href":"https:\/\/laboratorios.ufrrj.br\/farmaciaescola\/wp-json\/wp\/v2\/users\/35"}],"replies":[{"embeddable":true,"href":"https:\/\/laboratorios.ufrrj.br\/farmaciaescola\/wp-json\/wp\/v2\/comments?post=363"}],"version-history":[{"count":1,"href":"https:\/\/laboratorios.ufrrj.br\/farmaciaescola\/wp-json\/wp\/v2\/posts\/363\/revisions"}],"predecessor-version":[{"id":365,"href":"https:\/\/laboratorios.ufrrj.br\/farmaciaescola\/wp-json\/wp\/v2\/posts\/363\/revisions\/365"}],"wp:featuredmedia":[{"embeddable":true,"href":"https:\/\/laboratorios.ufrrj.br\/farmaciaescola\/wp-json\/wp\/v2\/media\/108"}],"wp:attachment":[{"href":"https:\/\/laboratorios.ufrrj.br\/farmaciaescola\/wp-json\/wp\/v2\/media?parent=363"}],"wp:term":[{"taxonomy":"category","embeddable":true,"href":"https:\/\/laboratorios.ufrrj.br\/farmaciaescola\/wp-json\/wp\/v2\/categories?post=363"},{"taxonomy":"post_tag","embeddable":true,"href":"https:\/\/laboratorios.ufrrj.br\/farmaciaescola\/wp-json\/wp\/v2\/tags?post=363"}],"curies":[{"name":"wp","href":"https:\/\/api.w.org\/{rel}","templated":true}]}}