{"id":354,"date":"2025-04-25T15:23:55","date_gmt":"2025-04-25T18:23:55","guid":{"rendered":"https:\/\/laboratorios.ufrrj.br\/farmaciaescola\/?p=354"},"modified":"2025-04-25T15:23:56","modified_gmt":"2025-04-25T18:23:56","slug":"resultado-preliminar-do-edital","status":"publish","type":"post","link":"https:\/\/laboratorios.ufrrj.br\/farmaciaescola\/resultado-preliminar-do-edital\/","title":{"rendered":"Resultado Preliminar do Edital"},"content":{"rendered":"\n<p>Prezados,<\/p>\n\n\n\n<p>A Farm\u00e1cia Escola Magistral informa que o resultado preliminar dos selecionados para o processo seletivo j\u00e1 est\u00e1 dispon\u00edvel. Os candidatos devem consultar para identificar seu n\u00famero de inscri\u00e7\u00e3o e suas notas abaixo:<\/p>\n\n\n\n<figure class=\"wp-block-image size-full is-resized is-style-default\"><img loading=\"lazy\" decoding=\"async\" src=\"https:\/\/laboratorios.ufrrj.br\/farmaciaescola\/wp-content\/uploads\/sites\/32\/2025\/04\/image.png\" alt=\"\" class=\"wp-image-355\" width=\"224\" height=\"469\" srcset=\"https:\/\/laboratorios.ufrrj.br\/farmaciaescola\/wp-content\/uploads\/sites\/32\/2025\/04\/image.png 231w, https:\/\/laboratorios.ufrrj.br\/farmaciaescola\/wp-content\/uploads\/sites\/32\/2025\/04\/image-143x300.png 143w\" sizes=\"auto, (max-width: 224px) 100vw, 224px\" \/><\/figure>\n\n\n\n<p>Em caso de d\u00favidas entre em contato conosco pelo e-mail farmacia.escola.magistral@ufrrj.br<\/p>\n\n\n\n<p>Boa sorte a todos!<\/p>\n","protected":false},"excerpt":{"rendered":"<p>Prezados, A Farm\u00e1cia Escola Magistral informa que o resultado preliminar dos selecionados para o processo seletivo j\u00e1 est\u00e1 dispon\u00edvel. Os <a class=\"read-more\" href=\"https:\/\/laboratorios.ufrrj.br\/farmaciaescola\/resultado-preliminar-do-edital\/ \" >&#8230; <span class=\"font-italic\">leia mais <i class=\"fas fa-angle-right\"><\/i><\/span><\/a><\/p>\n","protected":false},"author":35,"featured_media":104,"comment_status":"closed","ping_status":"closed","sticky":false,"template":"","format":"standard","meta":{"_acf_changed":false,"footnotes":""},"categories":[8,2],"tags":[],"class_list":["post-354","post","type-post","status-publish","format-standard","has-post-thumbnail","hentry","category-farmacia-escola-magistral","category-noticias"],"acf":[],"yoast_head":"<!-- This site is optimized with the Yoast SEO plugin v26.8 - https:\/\/yoast.com\/product\/yoast-seo-wordpress\/ -->\n<title>Resultado Preliminar do Edital - Laborat\u00f3rio Farm\u00e1cia Escola<\/title>\n<meta name=\"robots\" content=\"index, follow, max-snippet:-1, max-image-preview:large, max-video-preview:-1\" \/>\n<link rel=\"canonical\" href=\"https:\/\/laboratorios.ufrrj.br\/farmaciaescola\/resultado-preliminar-do-edital\/\" \/>\n<meta property=\"og:locale\" content=\"pt_BR\" \/>\n<meta property=\"og:type\" content=\"article\" \/>\n<meta property=\"og:title\" content=\"Resultado Preliminar do Edital - Laborat\u00f3rio Farm\u00e1cia Escola\" \/>\n<meta property=\"og:description\" content=\"Prezados, A Farm\u00e1cia Escola Magistral informa que o resultado preliminar dos selecionados para o processo seletivo j\u00e1 est\u00e1 dispon\u00edvel. Os ... leia mais\" \/>\n<meta property=\"og:url\" content=\"https:\/\/laboratorios.ufrrj.br\/farmaciaescola\/resultado-preliminar-do-edital\/\" \/>\n<meta property=\"og:site_name\" content=\"Laborat\u00f3rio Farm\u00e1cia Escola\" \/>\n<meta property=\"article:published_time\" content=\"2025-04-25T18:23:55+00:00\" \/>\n<meta property=\"article:modified_time\" content=\"2025-04-25T18:23:56+00:00\" \/>\n<meta property=\"og:image\" content=\"https:\/\/laboratorios.ufrrj.br\/farmaciaescola\/wp-content\/uploads\/sites\/32\/2021\/09\/card_comunicado.jpg\" \/>\n\t<meta property=\"og:image:width\" content=\"1558\" \/>\n\t<meta property=\"og:image:height\" content=\"787\" \/>\n\t<meta property=\"og:image:type\" content=\"image\/jpeg\" \/>\n<meta name=\"author\" content=\"vsmagalhaes\" \/>\n<meta name=\"twitter:card\" content=\"summary_large_image\" \/>\n<meta name=\"twitter:label1\" content=\"Escrito por\" \/>\n\t<meta name=\"twitter:data1\" content=\"vsmagalhaes\" \/>\n<script type=\"application\/ld+json\" class=\"yoast-schema-graph\">{\"@context\":\"https:\/\/schema.org\",\"@graph\":[{\"@type\":\"Article\",\"@id\":\"https:\/\/laboratorios.ufrrj.br\/farmaciaescola\/resultado-preliminar-do-edital\/#article\",\"isPartOf\":{\"@id\":\"https:\/\/laboratorios.ufrrj.br\/farmaciaescola\/resultado-preliminar-do-edital\/\"},\"author\":{\"name\":\"vsmagalhaes\",\"@id\":\"https:\/\/laboratorios.ufrrj.br\/farmaciaescola\/#\/schema\/person\/96fe1af3a10f5566f2f94818a672fdc8\"},\"headline\":\"Resultado Preliminar do Edital\",\"datePublished\":\"2025-04-25T18:23:55+00:00\",\"dateModified\":\"2025-04-25T18:23:56+00:00\",\"mainEntityOfPage\":{\"@id\":\"https:\/\/laboratorios.ufrrj.br\/farmaciaescola\/resultado-preliminar-do-edital\/\"},\"wordCount\":61,\"image\":{\"@id\":\"https:\/\/laboratorios.ufrrj.br\/farmaciaescola\/resultado-preliminar-do-edital\/#primaryimage\"},\"thumbnailUrl\":\"https:\/\/laboratorios.ufrrj.br\/farmaciaescola\/wp-content\/uploads\/sites\/32\/2021\/09\/card_comunicado.jpg\",\"articleSection\":[\"Farm\u00e1cia Escola Magistral\",\"Not\u00edcias\"],\"inLanguage\":\"pt-BR\"},{\"@type\":\"WebPage\",\"@id\":\"https:\/\/laboratorios.ufrrj.br\/farmaciaescola\/resultado-preliminar-do-edital\/\",\"url\":\"https:\/\/laboratorios.ufrrj.br\/farmaciaescola\/resultado-preliminar-do-edital\/\",\"name\":\"Resultado Preliminar do Edital - Laborat\u00f3rio Farm\u00e1cia Escola\",\"isPartOf\":{\"@id\":\"https:\/\/laboratorios.ufrrj.br\/farmaciaescola\/#website\"},\"primaryImageOfPage\":{\"@id\":\"https:\/\/laboratorios.ufrrj.br\/farmaciaescola\/resultado-preliminar-do-edital\/#primaryimage\"},\"image\":{\"@id\":\"https:\/\/laboratorios.ufrrj.br\/farmaciaescola\/resultado-preliminar-do-edital\/#primaryimage\"},\"thumbnailUrl\":\"https:\/\/laboratorios.ufrrj.br\/farmaciaescola\/wp-content\/uploads\/sites\/32\/2021\/09\/card_comunicado.jpg\",\"datePublished\":\"2025-04-25T18:23:55+00:00\",\"dateModified\":\"2025-04-25T18:23:56+00:00\",\"author\":{\"@id\":\"https:\/\/laboratorios.ufrrj.br\/farmaciaescola\/#\/schema\/person\/96fe1af3a10f5566f2f94818a672fdc8\"},\"breadcrumb\":{\"@id\":\"https:\/\/laboratorios.ufrrj.br\/farmaciaescola\/resultado-preliminar-do-edital\/#breadcrumb\"},\"inLanguage\":\"pt-BR\",\"potentialAction\":[{\"@type\":\"ReadAction\",\"target\":[\"https:\/\/laboratorios.ufrrj.br\/farmaciaescola\/resultado-preliminar-do-edital\/\"]}]},{\"@type\":\"ImageObject\",\"inLanguage\":\"pt-BR\",\"@id\":\"https:\/\/laboratorios.ufrrj.br\/farmaciaescola\/resultado-preliminar-do-edital\/#primaryimage\",\"url\":\"https:\/\/laboratorios.ufrrj.br\/farmaciaescola\/wp-content\/uploads\/sites\/32\/2021\/09\/card_comunicado.jpg\",\"contentUrl\":\"https:\/\/laboratorios.ufrrj.br\/farmaciaescola\/wp-content\/uploads\/sites\/32\/2021\/09\/card_comunicado.jpg\",\"width\":1558,\"height\":787},{\"@type\":\"BreadcrumbList\",\"@id\":\"https:\/\/laboratorios.ufrrj.br\/farmaciaescola\/resultado-preliminar-do-edital\/#breadcrumb\",\"itemListElement\":[{\"@type\":\"ListItem\",\"position\":1,\"name\":\"In\u00edcio\",\"item\":\"https:\/\/laboratorios.ufrrj.br\/farmaciaescola\/\"},{\"@type\":\"ListItem\",\"position\":2,\"name\":\"Resultado Preliminar do Edital\"}]},{\"@type\":\"WebSite\",\"@id\":\"https:\/\/laboratorios.ufrrj.br\/farmaciaescola\/#website\",\"url\":\"https:\/\/laboratorios.ufrrj.br\/farmaciaescola\/\",\"name\":\"Laborat\u00f3rio Farm\u00e1cia Escola\",\"description\":\"UFRRJ\",\"potentialAction\":[{\"@type\":\"SearchAction\",\"target\":{\"@type\":\"EntryPoint\",\"urlTemplate\":\"https:\/\/laboratorios.ufrrj.br\/farmaciaescola\/?s={search_term_string}\"},\"query-input\":{\"@type\":\"PropertyValueSpecification\",\"valueRequired\":true,\"valueName\":\"search_term_string\"}}],\"inLanguage\":\"pt-BR\"},{\"@type\":\"Person\",\"@id\":\"https:\/\/laboratorios.ufrrj.br\/farmaciaescola\/#\/schema\/person\/96fe1af3a10f5566f2f94818a672fdc8\",\"name\":\"vsmagalhaes\",\"image\":{\"@type\":\"ImageObject\",\"inLanguage\":\"pt-BR\",\"@id\":\"https:\/\/laboratorios.ufrrj.br\/farmaciaescola\/#\/schema\/person\/image\/\",\"url\":\"https:\/\/secure.gravatar.com\/avatar\/c7faf72c067e52aaa243d3704eb2bd749e88449b22bd8cd4535de811b2020975?s=96&d=mm&r=g\",\"contentUrl\":\"https:\/\/secure.gravatar.com\/avatar\/c7faf72c067e52aaa243d3704eb2bd749e88449b22bd8cd4535de811b2020975?s=96&d=mm&r=g\",\"caption\":\"vsmagalhaes\"},\"description\":\"Chamado - ID: 32576 (Rural - Seropedica)\",\"url\":\"https:\/\/laboratorios.ufrrj.br\/farmaciaescola\/author\/vsmagalhaes1\/\"}]}<\/script>\n<!-- \/ Yoast SEO plugin. -->","yoast_head_json":{"title":"Resultado Preliminar do Edital - Laborat\u00f3rio Farm\u00e1cia Escola","robots":{"index":"index","follow":"follow","max-snippet":"max-snippet:-1","max-image-preview":"max-image-preview:large","max-video-preview":"max-video-preview:-1"},"canonical":"https:\/\/laboratorios.ufrrj.br\/farmaciaescola\/resultado-preliminar-do-edital\/","og_locale":"pt_BR","og_type":"article","og_title":"Resultado Preliminar do Edital - Laborat\u00f3rio Farm\u00e1cia Escola","og_description":"Prezados, A Farm\u00e1cia Escola Magistral informa que o resultado preliminar dos selecionados para o processo seletivo j\u00e1 est\u00e1 dispon\u00edvel. Os ... leia mais","og_url":"https:\/\/laboratorios.ufrrj.br\/farmaciaescola\/resultado-preliminar-do-edital\/","og_site_name":"Laborat\u00f3rio Farm\u00e1cia Escola","article_published_time":"2025-04-25T18:23:55+00:00","article_modified_time":"2025-04-25T18:23:56+00:00","og_image":[{"width":1558,"height":787,"url":"https:\/\/laboratorios.ufrrj.br\/farmaciaescola\/wp-content\/uploads\/sites\/32\/2021\/09\/card_comunicado.jpg","type":"image\/jpeg"}],"author":"vsmagalhaes","twitter_card":"summary_large_image","twitter_misc":{"Escrito por":"vsmagalhaes"},"schema":{"@context":"https:\/\/schema.org","@graph":[{"@type":"Article","@id":"https:\/\/laboratorios.ufrrj.br\/farmaciaescola\/resultado-preliminar-do-edital\/#article","isPartOf":{"@id":"https:\/\/laboratorios.ufrrj.br\/farmaciaescola\/resultado-preliminar-do-edital\/"},"author":{"name":"vsmagalhaes","@id":"https:\/\/laboratorios.ufrrj.br\/farmaciaescola\/#\/schema\/person\/96fe1af3a10f5566f2f94818a672fdc8"},"headline":"Resultado Preliminar do Edital","datePublished":"2025-04-25T18:23:55+00:00","dateModified":"2025-04-25T18:23:56+00:00","mainEntityOfPage":{"@id":"https:\/\/laboratorios.ufrrj.br\/farmaciaescola\/resultado-preliminar-do-edital\/"},"wordCount":61,"image":{"@id":"https:\/\/laboratorios.ufrrj.br\/farmaciaescola\/resultado-preliminar-do-edital\/#primaryimage"},"thumbnailUrl":"https:\/\/laboratorios.ufrrj.br\/farmaciaescola\/wp-content\/uploads\/sites\/32\/2021\/09\/card_comunicado.jpg","articleSection":["Farm\u00e1cia Escola Magistral","Not\u00edcias"],"inLanguage":"pt-BR"},{"@type":"WebPage","@id":"https:\/\/laboratorios.ufrrj.br\/farmaciaescola\/resultado-preliminar-do-edital\/","url":"https:\/\/laboratorios.ufrrj.br\/farmaciaescola\/resultado-preliminar-do-edital\/","name":"Resultado Preliminar do Edital - Laborat\u00f3rio Farm\u00e1cia Escola","isPartOf":{"@id":"https:\/\/laboratorios.ufrrj.br\/farmaciaescola\/#website"},"primaryImageOfPage":{"@id":"https:\/\/laboratorios.ufrrj.br\/farmaciaescola\/resultado-preliminar-do-edital\/#primaryimage"},"image":{"@id":"https:\/\/laboratorios.ufrrj.br\/farmaciaescola\/resultado-preliminar-do-edital\/#primaryimage"},"thumbnailUrl":"https:\/\/laboratorios.ufrrj.br\/farmaciaescola\/wp-content\/uploads\/sites\/32\/2021\/09\/card_comunicado.jpg","datePublished":"2025-04-25T18:23:55+00:00","dateModified":"2025-04-25T18:23:56+00:00","author":{"@id":"https:\/\/laboratorios.ufrrj.br\/farmaciaescola\/#\/schema\/person\/96fe1af3a10f5566f2f94818a672fdc8"},"breadcrumb":{"@id":"https:\/\/laboratorios.ufrrj.br\/farmaciaescola\/resultado-preliminar-do-edital\/#breadcrumb"},"inLanguage":"pt-BR","potentialAction":[{"@type":"ReadAction","target":["https:\/\/laboratorios.ufrrj.br\/farmaciaescola\/resultado-preliminar-do-edital\/"]}]},{"@type":"ImageObject","inLanguage":"pt-BR","@id":"https:\/\/laboratorios.ufrrj.br\/farmaciaescola\/resultado-preliminar-do-edital\/#primaryimage","url":"https:\/\/laboratorios.ufrrj.br\/farmaciaescola\/wp-content\/uploads\/sites\/32\/2021\/09\/card_comunicado.jpg","contentUrl":"https:\/\/laboratorios.ufrrj.br\/farmaciaescola\/wp-content\/uploads\/sites\/32\/2021\/09\/card_comunicado.jpg","width":1558,"height":787},{"@type":"BreadcrumbList","@id":"https:\/\/laboratorios.ufrrj.br\/farmaciaescola\/resultado-preliminar-do-edital\/#breadcrumb","itemListElement":[{"@type":"ListItem","position":1,"name":"In\u00edcio","item":"https:\/\/laboratorios.ufrrj.br\/farmaciaescola\/"},{"@type":"ListItem","position":2,"name":"Resultado Preliminar do Edital"}]},{"@type":"WebSite","@id":"https:\/\/laboratorios.ufrrj.br\/farmaciaescola\/#website","url":"https:\/\/laboratorios.ufrrj.br\/farmaciaescola\/","name":"Laborat\u00f3rio Farm\u00e1cia Escola","description":"UFRRJ","potentialAction":[{"@type":"SearchAction","target":{"@type":"EntryPoint","urlTemplate":"https:\/\/laboratorios.ufrrj.br\/farmaciaescola\/?s={search_term_string}"},"query-input":{"@type":"PropertyValueSpecification","valueRequired":true,"valueName":"search_term_string"}}],"inLanguage":"pt-BR"},{"@type":"Person","@id":"https:\/\/laboratorios.ufrrj.br\/farmaciaescola\/#\/schema\/person\/96fe1af3a10f5566f2f94818a672fdc8","name":"vsmagalhaes","image":{"@type":"ImageObject","inLanguage":"pt-BR","@id":"https:\/\/laboratorios.ufrrj.br\/farmaciaescola\/#\/schema\/person\/image\/","url":"https:\/\/secure.gravatar.com\/avatar\/c7faf72c067e52aaa243d3704eb2bd749e88449b22bd8cd4535de811b2020975?s=96&d=mm&r=g","contentUrl":"https:\/\/secure.gravatar.com\/avatar\/c7faf72c067e52aaa243d3704eb2bd749e88449b22bd8cd4535de811b2020975?s=96&d=mm&r=g","caption":"vsmagalhaes"},"description":"Chamado - ID: 32576 (Rural - Seropedica)","url":"https:\/\/laboratorios.ufrrj.br\/farmaciaescola\/author\/vsmagalhaes1\/"}]}},"_links":{"self":[{"href":"https:\/\/laboratorios.ufrrj.br\/farmaciaescola\/wp-json\/wp\/v2\/posts\/354","targetHints":{"allow":["GET"]}}],"collection":[{"href":"https:\/\/laboratorios.ufrrj.br\/farmaciaescola\/wp-json\/wp\/v2\/posts"}],"about":[{"href":"https:\/\/laboratorios.ufrrj.br\/farmaciaescola\/wp-json\/wp\/v2\/types\/post"}],"author":[{"embeddable":true,"href":"https:\/\/laboratorios.ufrrj.br\/farmaciaescola\/wp-json\/wp\/v2\/users\/35"}],"replies":[{"embeddable":true,"href":"https:\/\/laboratorios.ufrrj.br\/farmaciaescola\/wp-json\/wp\/v2\/comments?post=354"}],"version-history":[{"count":1,"href":"https:\/\/laboratorios.ufrrj.br\/farmaciaescola\/wp-json\/wp\/v2\/posts\/354\/revisions"}],"predecessor-version":[{"id":356,"href":"https:\/\/laboratorios.ufrrj.br\/farmaciaescola\/wp-json\/wp\/v2\/posts\/354\/revisions\/356"}],"wp:featuredmedia":[{"embeddable":true,"href":"https:\/\/laboratorios.ufrrj.br\/farmaciaescola\/wp-json\/wp\/v2\/media\/104"}],"wp:attachment":[{"href":"https:\/\/laboratorios.ufrrj.br\/farmaciaescola\/wp-json\/wp\/v2\/media?parent=354"}],"wp:term":[{"taxonomy":"category","embeddable":true,"href":"https:\/\/laboratorios.ufrrj.br\/farmaciaescola\/wp-json\/wp\/v2\/categories?post=354"},{"taxonomy":"post_tag","embeddable":true,"href":"https:\/\/laboratorios.ufrrj.br\/farmaciaescola\/wp-json\/wp\/v2\/tags?post=354"}],"curies":[{"name":"wp","href":"https:\/\/api.w.org\/{rel}","templated":true}]}}