{"id":343,"date":"2025-04-14T11:35:42","date_gmt":"2025-04-14T14:35:42","guid":{"rendered":"https:\/\/laboratorios.ufrrj.br\/farmaciaescola\/?p=343"},"modified":"2025-04-14T12:04:58","modified_gmt":"2025-04-14T15:04:58","slug":"resultado-do-edital-dcfar-01-25","status":"publish","type":"post","link":"https:\/\/laboratorios.ufrrj.br\/farmaciaescola\/resultado-do-edital-dcfar-01-25\/","title":{"rendered":"Resultado do edital DCFar 01\/25"},"content":{"rendered":"\n<p>Prezados, <\/p>\n\n\n\n<p>A Farm\u00e1cia Escola Magistral informa que o resultado da primeira etapa do processo seletivo j\u00e1 est\u00e1 dispon\u00edvel. Os candidatos devem consultar seus e-mails cadastrados para identificar o n\u00famero de inscri\u00e7\u00e3o e verificar seu status abaixo:<\/p>\n\n\n\n<figure class=\"wp-block-image size-full is-resized\"><img loading=\"lazy\" decoding=\"async\" src=\"https:\/\/laboratorios.ufrrj.br\/farmaciaescola\/wp-content\/uploads\/sites\/32\/2025\/04\/IMG-20250414-WA0018.jpg\" alt=\"\" class=\"wp-image-344\" width=\"841\" height=\"437\" srcset=\"https:\/\/laboratorios.ufrrj.br\/farmaciaescola\/wp-content\/uploads\/sites\/32\/2025\/04\/IMG-20250414-WA0018.jpg 726w, https:\/\/laboratorios.ufrrj.br\/farmaciaescola\/wp-content\/uploads\/sites\/32\/2025\/04\/IMG-20250414-WA0018-300x156.jpg 300w\" sizes=\"auto, (max-width: 841px) 100vw, 841px\" \/><\/figure>\n\n\n\n<p><\/p>\n\n\n\n<p>Como proceder:<\/p>\n\n\n\n<p>Acesse o e-mail utilizado na inscri\u00e7\u00e3o;<\/p>\n\n\n\n<p>Localize a mensagem enviada pela Farm\u00e1cia Escola Magistral;<\/p>\n\n\n\n<p>Confira seu n\u00famero de inscri\u00e7\u00e3o e as pr\u00f3ximas etapas.<\/p>\n\n\n\n<p><\/p>\n\n\n\n<p><\/p>\n\n\n\n<p>Em caso de d\u00favidas ou n\u00e3o recebimento do e-mail, entre em contato conosco pelo e-mail farmacia.escola.magistral@ufrrj.br<\/p>\n\n\n\n<p><\/p>\n\n\n\n<p>Boa sorte \u00e0 todos!<\/p>\n\n\n\n<figure class=\"wp-block-image size-large is-resized\"><img loading=\"lazy\" decoding=\"async\" src=\"https:\/\/laboratorios.ufrrj.br\/farmaciaescola\/wp-content\/uploads\/sites\/32\/2023\/09\/logo_horizontal_cor-1-1024x671.png\" alt=\"\" class=\"wp-image-272\" width=\"251\" height=\"164\" srcset=\"https:\/\/laboratorios.ufrrj.br\/farmaciaescola\/wp-content\/uploads\/sites\/32\/2023\/09\/logo_horizontal_cor-1-1024x671.png 1024w, https:\/\/laboratorios.ufrrj.br\/farmaciaescola\/wp-content\/uploads\/sites\/32\/2023\/09\/logo_horizontal_cor-1-300x197.png 300w, https:\/\/laboratorios.ufrrj.br\/farmaciaescola\/wp-content\/uploads\/sites\/32\/2023\/09\/logo_horizontal_cor-1-768x503.png 768w, https:\/\/laboratorios.ufrrj.br\/farmaciaescola\/wp-content\/uploads\/sites\/32\/2023\/09\/logo_horizontal_cor-1-1536x1006.png 1536w, https:\/\/laboratorios.ufrrj.br\/farmaciaescola\/wp-content\/uploads\/sites\/32\/2023\/09\/logo_horizontal_cor-1-2048x1342.png 2048w\" sizes=\"auto, (max-width: 251px) 100vw, 251px\" \/><\/figure>\n","protected":false},"excerpt":{"rendered":"<p>Prezados, A Farm\u00e1cia Escola Magistral informa que o resultado da primeira etapa do processo seletivo j\u00e1 est\u00e1 dispon\u00edvel. Os candidatos <a class=\"read-more\" href=\"https:\/\/laboratorios.ufrrj.br\/farmaciaescola\/resultado-do-edital-dcfar-01-25\/ \" >&#8230; <span class=\"font-italic\">leia mais <i class=\"fas fa-angle-right\"><\/i><\/span><\/a><\/p>\n","protected":false},"author":35,"featured_media":105,"comment_status":"open","ping_status":"open","sticky":false,"template":"","format":"standard","meta":{"_acf_changed":false,"footnotes":""},"categories":[8,2],"tags":[],"class_list":["post-343","post","type-post","status-publish","format-standard","has-post-thumbnail","hentry","category-farmacia-escola-magistral","category-noticias"],"acf":[],"yoast_head":"<!-- This site is optimized with the Yoast SEO plugin v26.8 - https:\/\/yoast.com\/product\/yoast-seo-wordpress\/ -->\n<title>Resultado do edital DCFar 01\/25 - Laborat\u00f3rio Farm\u00e1cia Escola<\/title>\n<meta name=\"robots\" content=\"index, follow, max-snippet:-1, max-image-preview:large, max-video-preview:-1\" \/>\n<link rel=\"canonical\" href=\"https:\/\/laboratorios.ufrrj.br\/farmaciaescola\/resultado-do-edital-dcfar-01-25\/\" \/>\n<meta property=\"og:locale\" content=\"pt_BR\" \/>\n<meta property=\"og:type\" content=\"article\" \/>\n<meta property=\"og:title\" content=\"Resultado do edital DCFar 01\/25 - Laborat\u00f3rio Farm\u00e1cia Escola\" \/>\n<meta property=\"og:description\" content=\"Prezados, A Farm\u00e1cia Escola Magistral informa que o resultado da primeira etapa do processo seletivo j\u00e1 est\u00e1 dispon\u00edvel. Os candidatos ... leia mais\" \/>\n<meta property=\"og:url\" content=\"https:\/\/laboratorios.ufrrj.br\/farmaciaescola\/resultado-do-edital-dcfar-01-25\/\" \/>\n<meta property=\"og:site_name\" content=\"Laborat\u00f3rio Farm\u00e1cia Escola\" \/>\n<meta property=\"article:published_time\" content=\"2025-04-14T14:35:42+00:00\" \/>\n<meta property=\"article:modified_time\" content=\"2025-04-14T15:04:58+00:00\" \/>\n<meta property=\"og:image\" content=\"https:\/\/laboratorios.ufrrj.br\/farmaciaescola\/wp-content\/uploads\/sites\/32\/2021\/09\/card_comunicado2.jpg\" \/>\n\t<meta property=\"og:image:width\" content=\"2006\" \/>\n\t<meta property=\"og:image:height\" content=\"1011\" \/>\n\t<meta property=\"og:image:type\" content=\"image\/jpeg\" \/>\n<meta name=\"author\" content=\"vsmagalhaes\" \/>\n<meta name=\"twitter:card\" content=\"summary_large_image\" \/>\n<meta name=\"twitter:label1\" content=\"Escrito por\" \/>\n\t<meta name=\"twitter:data1\" content=\"vsmagalhaes\" \/>\n<script type=\"application\/ld+json\" class=\"yoast-schema-graph\">{\"@context\":\"https:\/\/schema.org\",\"@graph\":[{\"@type\":\"Article\",\"@id\":\"https:\/\/laboratorios.ufrrj.br\/farmaciaescola\/resultado-do-edital-dcfar-01-25\/#article\",\"isPartOf\":{\"@id\":\"https:\/\/laboratorios.ufrrj.br\/farmaciaescola\/resultado-do-edital-dcfar-01-25\/\"},\"author\":{\"name\":\"vsmagalhaes\",\"@id\":\"https:\/\/laboratorios.ufrrj.br\/farmaciaescola\/#\/schema\/person\/96fe1af3a10f5566f2f94818a672fdc8\"},\"headline\":\"Resultado do edital DCFar 01\/25\",\"datePublished\":\"2025-04-14T14:35:42+00:00\",\"dateModified\":\"2025-04-14T15:04:58+00:00\",\"mainEntityOfPage\":{\"@id\":\"https:\/\/laboratorios.ufrrj.br\/farmaciaescola\/resultado-do-edital-dcfar-01-25\/\"},\"wordCount\":99,\"commentCount\":0,\"image\":{\"@id\":\"https:\/\/laboratorios.ufrrj.br\/farmaciaescola\/resultado-do-edital-dcfar-01-25\/#primaryimage\"},\"thumbnailUrl\":\"https:\/\/laboratorios.ufrrj.br\/farmaciaescola\/wp-content\/uploads\/sites\/32\/2021\/09\/card_comunicado2.jpg\",\"articleSection\":[\"Farm\u00e1cia Escola Magistral\",\"Not\u00edcias\"],\"inLanguage\":\"pt-BR\",\"potentialAction\":[{\"@type\":\"CommentAction\",\"name\":\"Comment\",\"target\":[\"https:\/\/laboratorios.ufrrj.br\/farmaciaescola\/resultado-do-edital-dcfar-01-25\/#respond\"]}]},{\"@type\":\"WebPage\",\"@id\":\"https:\/\/laboratorios.ufrrj.br\/farmaciaescola\/resultado-do-edital-dcfar-01-25\/\",\"url\":\"https:\/\/laboratorios.ufrrj.br\/farmaciaescola\/resultado-do-edital-dcfar-01-25\/\",\"name\":\"Resultado do edital DCFar 01\/25 - Laborat\u00f3rio Farm\u00e1cia Escola\",\"isPartOf\":{\"@id\":\"https:\/\/laboratorios.ufrrj.br\/farmaciaescola\/#website\"},\"primaryImageOfPage\":{\"@id\":\"https:\/\/laboratorios.ufrrj.br\/farmaciaescola\/resultado-do-edital-dcfar-01-25\/#primaryimage\"},\"image\":{\"@id\":\"https:\/\/laboratorios.ufrrj.br\/farmaciaescola\/resultado-do-edital-dcfar-01-25\/#primaryimage\"},\"thumbnailUrl\":\"https:\/\/laboratorios.ufrrj.br\/farmaciaescola\/wp-content\/uploads\/sites\/32\/2021\/09\/card_comunicado2.jpg\",\"datePublished\":\"2025-04-14T14:35:42+00:00\",\"dateModified\":\"2025-04-14T15:04:58+00:00\",\"author\":{\"@id\":\"https:\/\/laboratorios.ufrrj.br\/farmaciaescola\/#\/schema\/person\/96fe1af3a10f5566f2f94818a672fdc8\"},\"breadcrumb\":{\"@id\":\"https:\/\/laboratorios.ufrrj.br\/farmaciaescola\/resultado-do-edital-dcfar-01-25\/#breadcrumb\"},\"inLanguage\":\"pt-BR\",\"potentialAction\":[{\"@type\":\"ReadAction\",\"target\":[\"https:\/\/laboratorios.ufrrj.br\/farmaciaescola\/resultado-do-edital-dcfar-01-25\/\"]}]},{\"@type\":\"ImageObject\",\"inLanguage\":\"pt-BR\",\"@id\":\"https:\/\/laboratorios.ufrrj.br\/farmaciaescola\/resultado-do-edital-dcfar-01-25\/#primaryimage\",\"url\":\"https:\/\/laboratorios.ufrrj.br\/farmaciaescola\/wp-content\/uploads\/sites\/32\/2021\/09\/card_comunicado2.jpg\",\"contentUrl\":\"https:\/\/laboratorios.ufrrj.br\/farmaciaescola\/wp-content\/uploads\/sites\/32\/2021\/09\/card_comunicado2.jpg\",\"width\":2006,\"height\":1011},{\"@type\":\"BreadcrumbList\",\"@id\":\"https:\/\/laboratorios.ufrrj.br\/farmaciaescola\/resultado-do-edital-dcfar-01-25\/#breadcrumb\",\"itemListElement\":[{\"@type\":\"ListItem\",\"position\":1,\"name\":\"In\u00edcio\",\"item\":\"https:\/\/laboratorios.ufrrj.br\/farmaciaescola\/\"},{\"@type\":\"ListItem\",\"position\":2,\"name\":\"Resultado do edital DCFar 01\/25\"}]},{\"@type\":\"WebSite\",\"@id\":\"https:\/\/laboratorios.ufrrj.br\/farmaciaescola\/#website\",\"url\":\"https:\/\/laboratorios.ufrrj.br\/farmaciaescola\/\",\"name\":\"Laborat\u00f3rio Farm\u00e1cia Escola\",\"description\":\"UFRRJ\",\"potentialAction\":[{\"@type\":\"SearchAction\",\"target\":{\"@type\":\"EntryPoint\",\"urlTemplate\":\"https:\/\/laboratorios.ufrrj.br\/farmaciaescola\/?s={search_term_string}\"},\"query-input\":{\"@type\":\"PropertyValueSpecification\",\"valueRequired\":true,\"valueName\":\"search_term_string\"}}],\"inLanguage\":\"pt-BR\"},{\"@type\":\"Person\",\"@id\":\"https:\/\/laboratorios.ufrrj.br\/farmaciaescola\/#\/schema\/person\/96fe1af3a10f5566f2f94818a672fdc8\",\"name\":\"vsmagalhaes\",\"image\":{\"@type\":\"ImageObject\",\"inLanguage\":\"pt-BR\",\"@id\":\"https:\/\/laboratorios.ufrrj.br\/farmaciaescola\/#\/schema\/person\/image\/\",\"url\":\"https:\/\/secure.gravatar.com\/avatar\/c7faf72c067e52aaa243d3704eb2bd749e88449b22bd8cd4535de811b2020975?s=96&d=mm&r=g\",\"contentUrl\":\"https:\/\/secure.gravatar.com\/avatar\/c7faf72c067e52aaa243d3704eb2bd749e88449b22bd8cd4535de811b2020975?s=96&d=mm&r=g\",\"caption\":\"vsmagalhaes\"},\"description\":\"Chamado - ID: 32576 (Rural - Seropedica)\",\"url\":\"https:\/\/laboratorios.ufrrj.br\/farmaciaescola\/author\/vsmagalhaes1\/\"}]}<\/script>\n<!-- \/ Yoast SEO plugin. -->","yoast_head_json":{"title":"Resultado do edital DCFar 01\/25 - Laborat\u00f3rio Farm\u00e1cia Escola","robots":{"index":"index","follow":"follow","max-snippet":"max-snippet:-1","max-image-preview":"max-image-preview:large","max-video-preview":"max-video-preview:-1"},"canonical":"https:\/\/laboratorios.ufrrj.br\/farmaciaescola\/resultado-do-edital-dcfar-01-25\/","og_locale":"pt_BR","og_type":"article","og_title":"Resultado do edital DCFar 01\/25 - Laborat\u00f3rio Farm\u00e1cia Escola","og_description":"Prezados, A Farm\u00e1cia Escola Magistral informa que o resultado da primeira etapa do processo seletivo j\u00e1 est\u00e1 dispon\u00edvel. Os candidatos ... leia mais","og_url":"https:\/\/laboratorios.ufrrj.br\/farmaciaescola\/resultado-do-edital-dcfar-01-25\/","og_site_name":"Laborat\u00f3rio Farm\u00e1cia Escola","article_published_time":"2025-04-14T14:35:42+00:00","article_modified_time":"2025-04-14T15:04:58+00:00","og_image":[{"width":2006,"height":1011,"url":"https:\/\/laboratorios.ufrrj.br\/farmaciaescola\/wp-content\/uploads\/sites\/32\/2021\/09\/card_comunicado2.jpg","type":"image\/jpeg"}],"author":"vsmagalhaes","twitter_card":"summary_large_image","twitter_misc":{"Escrito por":"vsmagalhaes"},"schema":{"@context":"https:\/\/schema.org","@graph":[{"@type":"Article","@id":"https:\/\/laboratorios.ufrrj.br\/farmaciaescola\/resultado-do-edital-dcfar-01-25\/#article","isPartOf":{"@id":"https:\/\/laboratorios.ufrrj.br\/farmaciaescola\/resultado-do-edital-dcfar-01-25\/"},"author":{"name":"vsmagalhaes","@id":"https:\/\/laboratorios.ufrrj.br\/farmaciaescola\/#\/schema\/person\/96fe1af3a10f5566f2f94818a672fdc8"},"headline":"Resultado do edital DCFar 01\/25","datePublished":"2025-04-14T14:35:42+00:00","dateModified":"2025-04-14T15:04:58+00:00","mainEntityOfPage":{"@id":"https:\/\/laboratorios.ufrrj.br\/farmaciaescola\/resultado-do-edital-dcfar-01-25\/"},"wordCount":99,"commentCount":0,"image":{"@id":"https:\/\/laboratorios.ufrrj.br\/farmaciaescola\/resultado-do-edital-dcfar-01-25\/#primaryimage"},"thumbnailUrl":"https:\/\/laboratorios.ufrrj.br\/farmaciaescola\/wp-content\/uploads\/sites\/32\/2021\/09\/card_comunicado2.jpg","articleSection":["Farm\u00e1cia Escola Magistral","Not\u00edcias"],"inLanguage":"pt-BR","potentialAction":[{"@type":"CommentAction","name":"Comment","target":["https:\/\/laboratorios.ufrrj.br\/farmaciaescola\/resultado-do-edital-dcfar-01-25\/#respond"]}]},{"@type":"WebPage","@id":"https:\/\/laboratorios.ufrrj.br\/farmaciaescola\/resultado-do-edital-dcfar-01-25\/","url":"https:\/\/laboratorios.ufrrj.br\/farmaciaescola\/resultado-do-edital-dcfar-01-25\/","name":"Resultado do edital DCFar 01\/25 - Laborat\u00f3rio Farm\u00e1cia Escola","isPartOf":{"@id":"https:\/\/laboratorios.ufrrj.br\/farmaciaescola\/#website"},"primaryImageOfPage":{"@id":"https:\/\/laboratorios.ufrrj.br\/farmaciaescola\/resultado-do-edital-dcfar-01-25\/#primaryimage"},"image":{"@id":"https:\/\/laboratorios.ufrrj.br\/farmaciaescola\/resultado-do-edital-dcfar-01-25\/#primaryimage"},"thumbnailUrl":"https:\/\/laboratorios.ufrrj.br\/farmaciaescola\/wp-content\/uploads\/sites\/32\/2021\/09\/card_comunicado2.jpg","datePublished":"2025-04-14T14:35:42+00:00","dateModified":"2025-04-14T15:04:58+00:00","author":{"@id":"https:\/\/laboratorios.ufrrj.br\/farmaciaescola\/#\/schema\/person\/96fe1af3a10f5566f2f94818a672fdc8"},"breadcrumb":{"@id":"https:\/\/laboratorios.ufrrj.br\/farmaciaescola\/resultado-do-edital-dcfar-01-25\/#breadcrumb"},"inLanguage":"pt-BR","potentialAction":[{"@type":"ReadAction","target":["https:\/\/laboratorios.ufrrj.br\/farmaciaescola\/resultado-do-edital-dcfar-01-25\/"]}]},{"@type":"ImageObject","inLanguage":"pt-BR","@id":"https:\/\/laboratorios.ufrrj.br\/farmaciaescola\/resultado-do-edital-dcfar-01-25\/#primaryimage","url":"https:\/\/laboratorios.ufrrj.br\/farmaciaescola\/wp-content\/uploads\/sites\/32\/2021\/09\/card_comunicado2.jpg","contentUrl":"https:\/\/laboratorios.ufrrj.br\/farmaciaescola\/wp-content\/uploads\/sites\/32\/2021\/09\/card_comunicado2.jpg","width":2006,"height":1011},{"@type":"BreadcrumbList","@id":"https:\/\/laboratorios.ufrrj.br\/farmaciaescola\/resultado-do-edital-dcfar-01-25\/#breadcrumb","itemListElement":[{"@type":"ListItem","position":1,"name":"In\u00edcio","item":"https:\/\/laboratorios.ufrrj.br\/farmaciaescola\/"},{"@type":"ListItem","position":2,"name":"Resultado do edital DCFar 01\/25"}]},{"@type":"WebSite","@id":"https:\/\/laboratorios.ufrrj.br\/farmaciaescola\/#website","url":"https:\/\/laboratorios.ufrrj.br\/farmaciaescola\/","name":"Laborat\u00f3rio Farm\u00e1cia Escola","description":"UFRRJ","potentialAction":[{"@type":"SearchAction","target":{"@type":"EntryPoint","urlTemplate":"https:\/\/laboratorios.ufrrj.br\/farmaciaescola\/?s={search_term_string}"},"query-input":{"@type":"PropertyValueSpecification","valueRequired":true,"valueName":"search_term_string"}}],"inLanguage":"pt-BR"},{"@type":"Person","@id":"https:\/\/laboratorios.ufrrj.br\/farmaciaescola\/#\/schema\/person\/96fe1af3a10f5566f2f94818a672fdc8","name":"vsmagalhaes","image":{"@type":"ImageObject","inLanguage":"pt-BR","@id":"https:\/\/laboratorios.ufrrj.br\/farmaciaescola\/#\/schema\/person\/image\/","url":"https:\/\/secure.gravatar.com\/avatar\/c7faf72c067e52aaa243d3704eb2bd749e88449b22bd8cd4535de811b2020975?s=96&d=mm&r=g","contentUrl":"https:\/\/secure.gravatar.com\/avatar\/c7faf72c067e52aaa243d3704eb2bd749e88449b22bd8cd4535de811b2020975?s=96&d=mm&r=g","caption":"vsmagalhaes"},"description":"Chamado - ID: 32576 (Rural - Seropedica)","url":"https:\/\/laboratorios.ufrrj.br\/farmaciaescola\/author\/vsmagalhaes1\/"}]}},"_links":{"self":[{"href":"https:\/\/laboratorios.ufrrj.br\/farmaciaescola\/wp-json\/wp\/v2\/posts\/343","targetHints":{"allow":["GET"]}}],"collection":[{"href":"https:\/\/laboratorios.ufrrj.br\/farmaciaescola\/wp-json\/wp\/v2\/posts"}],"about":[{"href":"https:\/\/laboratorios.ufrrj.br\/farmaciaescola\/wp-json\/wp\/v2\/types\/post"}],"author":[{"embeddable":true,"href":"https:\/\/laboratorios.ufrrj.br\/farmaciaescola\/wp-json\/wp\/v2\/users\/35"}],"replies":[{"embeddable":true,"href":"https:\/\/laboratorios.ufrrj.br\/farmaciaescola\/wp-json\/wp\/v2\/comments?post=343"}],"version-history":[{"count":5,"href":"https:\/\/laboratorios.ufrrj.br\/farmaciaescola\/wp-json\/wp\/v2\/posts\/343\/revisions"}],"predecessor-version":[{"id":351,"href":"https:\/\/laboratorios.ufrrj.br\/farmaciaescola\/wp-json\/wp\/v2\/posts\/343\/revisions\/351"}],"wp:featuredmedia":[{"embeddable":true,"href":"https:\/\/laboratorios.ufrrj.br\/farmaciaescola\/wp-json\/wp\/v2\/media\/105"}],"wp:attachment":[{"href":"https:\/\/laboratorios.ufrrj.br\/farmaciaescola\/wp-json\/wp\/v2\/media?parent=343"}],"wp:term":[{"taxonomy":"category","embeddable":true,"href":"https:\/\/laboratorios.ufrrj.br\/farmaciaescola\/wp-json\/wp\/v2\/categories?post=343"},{"taxonomy":"post_tag","embeddable":true,"href":"https:\/\/laboratorios.ufrrj.br\/farmaciaescola\/wp-json\/wp\/v2\/tags?post=343"}],"curies":[{"name":"wp","href":"https:\/\/api.w.org\/{rel}","templated":true}]}}