{"id":334,"date":"2025-04-01T17:25:57","date_gmt":"2025-04-01T20:25:57","guid":{"rendered":"https:\/\/laboratorios.ufrrj.br\/farmaciaescola\/?p=334"},"modified":"2025-04-01T17:46:49","modified_gmt":"2025-04-01T20:46:49","slug":"edital-para-alunos-voluntarios-de-extensao","status":"publish","type":"post","link":"https:\/\/laboratorios.ufrrj.br\/farmaciaescola\/edital-para-alunos-voluntarios-de-extensao\/","title":{"rendered":"Edital para alunos volunt\u00e1rios de extens\u00e3o"},"content":{"rendered":"\n<p>A farm\u00e1cia Escola Magistral (FEM) publicou hoje o Edital DCFar 01\/2025, com vagas abertas para extens\u00e3o volunt\u00e1ria na farm\u00e1cia! Leia o documento completo e veja como fazer a sua inscri\u00e7\u00e3o na sele\u00e7\u00e3o. Essa voc\u00ea n\u00e3o pode perder!<br><\/p>\n\n\n\n<div data-wp-interactive=\"core\/file\" class=\"wp-block-file\"><object data-wp-bind--hidden=\"!state.hasPdfPreview\" hidden class=\"wp-block-file__embed\" data=\"https:\/\/laboratorios.ufrrj.br\/farmaciaescola\/wp-content\/uploads\/sites\/32\/2025\/04\/Edital-01-25-extensao_voluntaria_FEM.docx.pdf\" type=\"application\/pdf\" style=\"width:100%;height:400px\" aria-label=\"Incorporado de Edital-01-25-extensao_voluntaria_FEM.docx.\"><\/object><a id=\"wp-block-file--media-b831b471-6d08-41ae-a36a-b67b28178244\" href=\"https:\/\/laboratorios.ufrrj.br\/farmaciaescola\/wp-content\/uploads\/sites\/32\/2025\/04\/Edital-01-25-extensao_voluntaria_FEM.docx.pdf\">Edital-01-25-extensao_voluntaria_FEM.docx<\/a><a href=\"https:\/\/laboratorios.ufrrj.br\/farmaciaescola\/wp-content\/uploads\/sites\/32\/2025\/04\/Edital-01-25-extensao_voluntaria_FEM.docx.pdf\" class=\"wp-block-file__button wp-element-button\" download aria-describedby=\"wp-block-file--media-b831b471-6d08-41ae-a36a-b67b28178244\">Baixar<\/a><\/div>\n\n\n\n<p>O per\u00edodo de inscri\u00e7\u00e3o vai de: <strong>01\/04\/2025 a 10\/04\/2025.<br><\/strong><\/p>\n\n\n\n<p>Qualquer d\u00favida, entre em contato no email:&nbsp;<a rel=\"noreferrer noopener\" href=\"mailto:farmacia.escola.magistral@ufrrj.br\" target=\"_blank\">farmacia.escola.magistral@ufrrj.br<\/a><\/p>\n\n\n<div class=\"wp-block-image\">\n<figure class=\"alignleft size-large is-resized\"><img loading=\"lazy\" decoding=\"async\" src=\"https:\/\/laboratorios.ufrrj.br\/farmaciaescola\/wp-content\/uploads\/sites\/32\/2023\/09\/logo_horizontal_cor-1-1024x671.png\" alt=\"\" class=\"wp-image-272\" width=\"200\" height=\"131\" srcset=\"https:\/\/laboratorios.ufrrj.br\/farmaciaescola\/wp-content\/uploads\/sites\/32\/2023\/09\/logo_horizontal_cor-1-1024x671.png 1024w, https:\/\/laboratorios.ufrrj.br\/farmaciaescola\/wp-content\/uploads\/sites\/32\/2023\/09\/logo_horizontal_cor-1-300x197.png 300w, https:\/\/laboratorios.ufrrj.br\/farmaciaescola\/wp-content\/uploads\/sites\/32\/2023\/09\/logo_horizontal_cor-1-768x503.png 768w, https:\/\/laboratorios.ufrrj.br\/farmaciaescola\/wp-content\/uploads\/sites\/32\/2023\/09\/logo_horizontal_cor-1-1536x1006.png 1536w, https:\/\/laboratorios.ufrrj.br\/farmaciaescola\/wp-content\/uploads\/sites\/32\/2023\/09\/logo_horizontal_cor-1-2048x1342.png 2048w\" sizes=\"auto, (max-width: 200px) 100vw, 200px\" \/><\/figure>\n<\/div>","protected":false},"excerpt":{"rendered":"<p>A farm\u00e1cia Escola Magistral (FEM) publicou hoje o Edital DCFar 01\/2025, com vagas abertas para extens\u00e3o volunt\u00e1ria na farm\u00e1cia! Leia <a class=\"read-more\" href=\"https:\/\/laboratorios.ufrrj.br\/farmaciaescola\/edital-para-alunos-voluntarios-de-extensao\/ \" >&#8230; <span class=\"font-italic\">leia mais <i class=\"fas fa-angle-right\"><\/i><\/span><\/a><\/p>\n","protected":false},"author":35,"featured_media":108,"comment_status":"open","ping_status":"open","sticky":false,"template":"","format":"standard","meta":{"_acf_changed":false,"footnotes":""},"categories":[8,2],"tags":[15],"class_list":["post-334","post","type-post","status-publish","format-standard","has-post-thumbnail","hentry","category-farmacia-escola-magistral","category-noticias","tag-edital"],"acf":[],"yoast_head":"<!-- This site is optimized with the Yoast SEO plugin v26.8 - https:\/\/yoast.com\/product\/yoast-seo-wordpress\/ -->\n<title>Edital para alunos volunt\u00e1rios de extens\u00e3o - Laborat\u00f3rio Farm\u00e1cia Escola<\/title>\n<meta name=\"robots\" content=\"index, follow, max-snippet:-1, max-image-preview:large, max-video-preview:-1\" \/>\n<link rel=\"canonical\" href=\"https:\/\/laboratorios.ufrrj.br\/farmaciaescola\/edital-para-alunos-voluntarios-de-extensao\/\" \/>\n<meta property=\"og:locale\" content=\"pt_BR\" \/>\n<meta property=\"og:type\" content=\"article\" \/>\n<meta property=\"og:title\" content=\"Edital para alunos volunt\u00e1rios de extens\u00e3o - Laborat\u00f3rio Farm\u00e1cia Escola\" \/>\n<meta property=\"og:description\" content=\"A farm\u00e1cia Escola Magistral (FEM) publicou hoje o Edital DCFar 01\/2025, com vagas abertas para extens\u00e3o volunt\u00e1ria na farm\u00e1cia! Leia ... leia mais\" \/>\n<meta property=\"og:url\" content=\"https:\/\/laboratorios.ufrrj.br\/farmaciaescola\/edital-para-alunos-voluntarios-de-extensao\/\" \/>\n<meta property=\"og:site_name\" content=\"Laborat\u00f3rio Farm\u00e1cia Escola\" \/>\n<meta property=\"article:published_time\" content=\"2025-04-01T20:25:57+00:00\" \/>\n<meta property=\"article:modified_time\" content=\"2025-04-01T20:46:49+00:00\" \/>\n<meta property=\"og:image\" content=\"https:\/\/laboratorios.ufrrj.br\/farmaciaescola\/wp-content\/uploads\/sites\/32\/2021\/09\/WhatsApp-Image-2020-10-26-at-15.21.25.jpeg\" \/>\n\t<meta property=\"og:image:width\" content=\"1280\" \/>\n\t<meta property=\"og:image:height\" content=\"644\" \/>\n\t<meta property=\"og:image:type\" content=\"image\/jpeg\" \/>\n<meta name=\"author\" content=\"vsmagalhaes\" \/>\n<meta name=\"twitter:card\" content=\"summary_large_image\" \/>\n<meta name=\"twitter:label1\" content=\"Escrito por\" \/>\n\t<meta name=\"twitter:data1\" content=\"vsmagalhaes\" \/>\n<script type=\"application\/ld+json\" class=\"yoast-schema-graph\">{\"@context\":\"https:\/\/schema.org\",\"@graph\":[{\"@type\":\"Article\",\"@id\":\"https:\/\/laboratorios.ufrrj.br\/farmaciaescola\/edital-para-alunos-voluntarios-de-extensao\/#article\",\"isPartOf\":{\"@id\":\"https:\/\/laboratorios.ufrrj.br\/farmaciaescola\/edital-para-alunos-voluntarios-de-extensao\/\"},\"author\":{\"name\":\"vsmagalhaes\",\"@id\":\"https:\/\/laboratorios.ufrrj.br\/farmaciaescola\/#\/schema\/person\/96fe1af3a10f5566f2f94818a672fdc8\"},\"headline\":\"Edital para alunos volunt\u00e1rios de extens\u00e3o\",\"datePublished\":\"2025-04-01T20:25:57+00:00\",\"dateModified\":\"2025-04-01T20:46:49+00:00\",\"mainEntityOfPage\":{\"@id\":\"https:\/\/laboratorios.ufrrj.br\/farmaciaescola\/edital-para-alunos-voluntarios-de-extensao\/\"},\"wordCount\":81,\"commentCount\":0,\"image\":{\"@id\":\"https:\/\/laboratorios.ufrrj.br\/farmaciaescola\/edital-para-alunos-voluntarios-de-extensao\/#primaryimage\"},\"thumbnailUrl\":\"https:\/\/laboratorios.ufrrj.br\/farmaciaescola\/wp-content\/uploads\/sites\/32\/2021\/09\/WhatsApp-Image-2020-10-26-at-15.21.25.jpeg\",\"keywords\":[\"Edital\"],\"articleSection\":[\"Farm\u00e1cia Escola Magistral\",\"Not\u00edcias\"],\"inLanguage\":\"pt-BR\",\"potentialAction\":[{\"@type\":\"CommentAction\",\"name\":\"Comment\",\"target\":[\"https:\/\/laboratorios.ufrrj.br\/farmaciaescola\/edital-para-alunos-voluntarios-de-extensao\/#respond\"]}]},{\"@type\":\"WebPage\",\"@id\":\"https:\/\/laboratorios.ufrrj.br\/farmaciaescola\/edital-para-alunos-voluntarios-de-extensao\/\",\"url\":\"https:\/\/laboratorios.ufrrj.br\/farmaciaescola\/edital-para-alunos-voluntarios-de-extensao\/\",\"name\":\"Edital para alunos volunt\u00e1rios de extens\u00e3o - Laborat\u00f3rio Farm\u00e1cia Escola\",\"isPartOf\":{\"@id\":\"https:\/\/laboratorios.ufrrj.br\/farmaciaescola\/#website\"},\"primaryImageOfPage\":{\"@id\":\"https:\/\/laboratorios.ufrrj.br\/farmaciaescola\/edital-para-alunos-voluntarios-de-extensao\/#primaryimage\"},\"image\":{\"@id\":\"https:\/\/laboratorios.ufrrj.br\/farmaciaescola\/edital-para-alunos-voluntarios-de-extensao\/#primaryimage\"},\"thumbnailUrl\":\"https:\/\/laboratorios.ufrrj.br\/farmaciaescola\/wp-content\/uploads\/sites\/32\/2021\/09\/WhatsApp-Image-2020-10-26-at-15.21.25.jpeg\",\"datePublished\":\"2025-04-01T20:25:57+00:00\",\"dateModified\":\"2025-04-01T20:46:49+00:00\",\"author\":{\"@id\":\"https:\/\/laboratorios.ufrrj.br\/farmaciaescola\/#\/schema\/person\/96fe1af3a10f5566f2f94818a672fdc8\"},\"breadcrumb\":{\"@id\":\"https:\/\/laboratorios.ufrrj.br\/farmaciaescola\/edital-para-alunos-voluntarios-de-extensao\/#breadcrumb\"},\"inLanguage\":\"pt-BR\",\"potentialAction\":[{\"@type\":\"ReadAction\",\"target\":[\"https:\/\/laboratorios.ufrrj.br\/farmaciaescola\/edital-para-alunos-voluntarios-de-extensao\/\"]}]},{\"@type\":\"ImageObject\",\"inLanguage\":\"pt-BR\",\"@id\":\"https:\/\/laboratorios.ufrrj.br\/farmaciaescola\/edital-para-alunos-voluntarios-de-extensao\/#primaryimage\",\"url\":\"https:\/\/laboratorios.ufrrj.br\/farmaciaescola\/wp-content\/uploads\/sites\/32\/2021\/09\/WhatsApp-Image-2020-10-26-at-15.21.25.jpeg\",\"contentUrl\":\"https:\/\/laboratorios.ufrrj.br\/farmaciaescola\/wp-content\/uploads\/sites\/32\/2021\/09\/WhatsApp-Image-2020-10-26-at-15.21.25.jpeg\",\"width\":1280,\"height\":644},{\"@type\":\"BreadcrumbList\",\"@id\":\"https:\/\/laboratorios.ufrrj.br\/farmaciaescola\/edital-para-alunos-voluntarios-de-extensao\/#breadcrumb\",\"itemListElement\":[{\"@type\":\"ListItem\",\"position\":1,\"name\":\"In\u00edcio\",\"item\":\"https:\/\/laboratorios.ufrrj.br\/farmaciaescola\/\"},{\"@type\":\"ListItem\",\"position\":2,\"name\":\"Edital para alunos volunt\u00e1rios de extens\u00e3o\"}]},{\"@type\":\"WebSite\",\"@id\":\"https:\/\/laboratorios.ufrrj.br\/farmaciaescola\/#website\",\"url\":\"https:\/\/laboratorios.ufrrj.br\/farmaciaescola\/\",\"name\":\"Laborat\u00f3rio Farm\u00e1cia Escola\",\"description\":\"UFRRJ\",\"potentialAction\":[{\"@type\":\"SearchAction\",\"target\":{\"@type\":\"EntryPoint\",\"urlTemplate\":\"https:\/\/laboratorios.ufrrj.br\/farmaciaescola\/?s={search_term_string}\"},\"query-input\":{\"@type\":\"PropertyValueSpecification\",\"valueRequired\":true,\"valueName\":\"search_term_string\"}}],\"inLanguage\":\"pt-BR\"},{\"@type\":\"Person\",\"@id\":\"https:\/\/laboratorios.ufrrj.br\/farmaciaescola\/#\/schema\/person\/96fe1af3a10f5566f2f94818a672fdc8\",\"name\":\"vsmagalhaes\",\"image\":{\"@type\":\"ImageObject\",\"inLanguage\":\"pt-BR\",\"@id\":\"https:\/\/laboratorios.ufrrj.br\/farmaciaescola\/#\/schema\/person\/image\/\",\"url\":\"https:\/\/secure.gravatar.com\/avatar\/c7faf72c067e52aaa243d3704eb2bd749e88449b22bd8cd4535de811b2020975?s=96&d=mm&r=g\",\"contentUrl\":\"https:\/\/secure.gravatar.com\/avatar\/c7faf72c067e52aaa243d3704eb2bd749e88449b22bd8cd4535de811b2020975?s=96&d=mm&r=g\",\"caption\":\"vsmagalhaes\"},\"description\":\"Chamado - ID: 32576 (Rural - Seropedica)\",\"url\":\"https:\/\/laboratorios.ufrrj.br\/farmaciaescola\/author\/vsmagalhaes1\/\"}]}<\/script>\n<!-- \/ Yoast SEO plugin. -->","yoast_head_json":{"title":"Edital para alunos volunt\u00e1rios de extens\u00e3o - Laborat\u00f3rio Farm\u00e1cia Escola","robots":{"index":"index","follow":"follow","max-snippet":"max-snippet:-1","max-image-preview":"max-image-preview:large","max-video-preview":"max-video-preview:-1"},"canonical":"https:\/\/laboratorios.ufrrj.br\/farmaciaescola\/edital-para-alunos-voluntarios-de-extensao\/","og_locale":"pt_BR","og_type":"article","og_title":"Edital para alunos volunt\u00e1rios de extens\u00e3o - Laborat\u00f3rio Farm\u00e1cia Escola","og_description":"A farm\u00e1cia Escola Magistral (FEM) publicou hoje o Edital DCFar 01\/2025, com vagas abertas para extens\u00e3o volunt\u00e1ria na farm\u00e1cia! Leia ... leia mais","og_url":"https:\/\/laboratorios.ufrrj.br\/farmaciaescola\/edital-para-alunos-voluntarios-de-extensao\/","og_site_name":"Laborat\u00f3rio Farm\u00e1cia Escola","article_published_time":"2025-04-01T20:25:57+00:00","article_modified_time":"2025-04-01T20:46:49+00:00","og_image":[{"width":1280,"height":644,"url":"https:\/\/laboratorios.ufrrj.br\/farmaciaescola\/wp-content\/uploads\/sites\/32\/2021\/09\/WhatsApp-Image-2020-10-26-at-15.21.25.jpeg","type":"image\/jpeg"}],"author":"vsmagalhaes","twitter_card":"summary_large_image","twitter_misc":{"Escrito por":"vsmagalhaes"},"schema":{"@context":"https:\/\/schema.org","@graph":[{"@type":"Article","@id":"https:\/\/laboratorios.ufrrj.br\/farmaciaescola\/edital-para-alunos-voluntarios-de-extensao\/#article","isPartOf":{"@id":"https:\/\/laboratorios.ufrrj.br\/farmaciaescola\/edital-para-alunos-voluntarios-de-extensao\/"},"author":{"name":"vsmagalhaes","@id":"https:\/\/laboratorios.ufrrj.br\/farmaciaescola\/#\/schema\/person\/96fe1af3a10f5566f2f94818a672fdc8"},"headline":"Edital para alunos volunt\u00e1rios de extens\u00e3o","datePublished":"2025-04-01T20:25:57+00:00","dateModified":"2025-04-01T20:46:49+00:00","mainEntityOfPage":{"@id":"https:\/\/laboratorios.ufrrj.br\/farmaciaescola\/edital-para-alunos-voluntarios-de-extensao\/"},"wordCount":81,"commentCount":0,"image":{"@id":"https:\/\/laboratorios.ufrrj.br\/farmaciaescola\/edital-para-alunos-voluntarios-de-extensao\/#primaryimage"},"thumbnailUrl":"https:\/\/laboratorios.ufrrj.br\/farmaciaescola\/wp-content\/uploads\/sites\/32\/2021\/09\/WhatsApp-Image-2020-10-26-at-15.21.25.jpeg","keywords":["Edital"],"articleSection":["Farm\u00e1cia Escola Magistral","Not\u00edcias"],"inLanguage":"pt-BR","potentialAction":[{"@type":"CommentAction","name":"Comment","target":["https:\/\/laboratorios.ufrrj.br\/farmaciaescola\/edital-para-alunos-voluntarios-de-extensao\/#respond"]}]},{"@type":"WebPage","@id":"https:\/\/laboratorios.ufrrj.br\/farmaciaescola\/edital-para-alunos-voluntarios-de-extensao\/","url":"https:\/\/laboratorios.ufrrj.br\/farmaciaescola\/edital-para-alunos-voluntarios-de-extensao\/","name":"Edital para alunos volunt\u00e1rios de extens\u00e3o - Laborat\u00f3rio Farm\u00e1cia Escola","isPartOf":{"@id":"https:\/\/laboratorios.ufrrj.br\/farmaciaescola\/#website"},"primaryImageOfPage":{"@id":"https:\/\/laboratorios.ufrrj.br\/farmaciaescola\/edital-para-alunos-voluntarios-de-extensao\/#primaryimage"},"image":{"@id":"https:\/\/laboratorios.ufrrj.br\/farmaciaescola\/edital-para-alunos-voluntarios-de-extensao\/#primaryimage"},"thumbnailUrl":"https:\/\/laboratorios.ufrrj.br\/farmaciaescola\/wp-content\/uploads\/sites\/32\/2021\/09\/WhatsApp-Image-2020-10-26-at-15.21.25.jpeg","datePublished":"2025-04-01T20:25:57+00:00","dateModified":"2025-04-01T20:46:49+00:00","author":{"@id":"https:\/\/laboratorios.ufrrj.br\/farmaciaescola\/#\/schema\/person\/96fe1af3a10f5566f2f94818a672fdc8"},"breadcrumb":{"@id":"https:\/\/laboratorios.ufrrj.br\/farmaciaescola\/edital-para-alunos-voluntarios-de-extensao\/#breadcrumb"},"inLanguage":"pt-BR","potentialAction":[{"@type":"ReadAction","target":["https:\/\/laboratorios.ufrrj.br\/farmaciaescola\/edital-para-alunos-voluntarios-de-extensao\/"]}]},{"@type":"ImageObject","inLanguage":"pt-BR","@id":"https:\/\/laboratorios.ufrrj.br\/farmaciaescola\/edital-para-alunos-voluntarios-de-extensao\/#primaryimage","url":"https:\/\/laboratorios.ufrrj.br\/farmaciaescola\/wp-content\/uploads\/sites\/32\/2021\/09\/WhatsApp-Image-2020-10-26-at-15.21.25.jpeg","contentUrl":"https:\/\/laboratorios.ufrrj.br\/farmaciaescola\/wp-content\/uploads\/sites\/32\/2021\/09\/WhatsApp-Image-2020-10-26-at-15.21.25.jpeg","width":1280,"height":644},{"@type":"BreadcrumbList","@id":"https:\/\/laboratorios.ufrrj.br\/farmaciaescola\/edital-para-alunos-voluntarios-de-extensao\/#breadcrumb","itemListElement":[{"@type":"ListItem","position":1,"name":"In\u00edcio","item":"https:\/\/laboratorios.ufrrj.br\/farmaciaescola\/"},{"@type":"ListItem","position":2,"name":"Edital para alunos volunt\u00e1rios de extens\u00e3o"}]},{"@type":"WebSite","@id":"https:\/\/laboratorios.ufrrj.br\/farmaciaescola\/#website","url":"https:\/\/laboratorios.ufrrj.br\/farmaciaescola\/","name":"Laborat\u00f3rio Farm\u00e1cia Escola","description":"UFRRJ","potentialAction":[{"@type":"SearchAction","target":{"@type":"EntryPoint","urlTemplate":"https:\/\/laboratorios.ufrrj.br\/farmaciaescola\/?s={search_term_string}"},"query-input":{"@type":"PropertyValueSpecification","valueRequired":true,"valueName":"search_term_string"}}],"inLanguage":"pt-BR"},{"@type":"Person","@id":"https:\/\/laboratorios.ufrrj.br\/farmaciaescola\/#\/schema\/person\/96fe1af3a10f5566f2f94818a672fdc8","name":"vsmagalhaes","image":{"@type":"ImageObject","inLanguage":"pt-BR","@id":"https:\/\/laboratorios.ufrrj.br\/farmaciaescola\/#\/schema\/person\/image\/","url":"https:\/\/secure.gravatar.com\/avatar\/c7faf72c067e52aaa243d3704eb2bd749e88449b22bd8cd4535de811b2020975?s=96&d=mm&r=g","contentUrl":"https:\/\/secure.gravatar.com\/avatar\/c7faf72c067e52aaa243d3704eb2bd749e88449b22bd8cd4535de811b2020975?s=96&d=mm&r=g","caption":"vsmagalhaes"},"description":"Chamado - ID: 32576 (Rural - Seropedica)","url":"https:\/\/laboratorios.ufrrj.br\/farmaciaescola\/author\/vsmagalhaes1\/"}]}},"_links":{"self":[{"href":"https:\/\/laboratorios.ufrrj.br\/farmaciaescola\/wp-json\/wp\/v2\/posts\/334","targetHints":{"allow":["GET"]}}],"collection":[{"href":"https:\/\/laboratorios.ufrrj.br\/farmaciaescola\/wp-json\/wp\/v2\/posts"}],"about":[{"href":"https:\/\/laboratorios.ufrrj.br\/farmaciaescola\/wp-json\/wp\/v2\/types\/post"}],"author":[{"embeddable":true,"href":"https:\/\/laboratorios.ufrrj.br\/farmaciaescola\/wp-json\/wp\/v2\/users\/35"}],"replies":[{"embeddable":true,"href":"https:\/\/laboratorios.ufrrj.br\/farmaciaescola\/wp-json\/wp\/v2\/comments?post=334"}],"version-history":[{"count":4,"href":"https:\/\/laboratorios.ufrrj.br\/farmaciaescola\/wp-json\/wp\/v2\/posts\/334\/revisions"}],"predecessor-version":[{"id":340,"href":"https:\/\/laboratorios.ufrrj.br\/farmaciaescola\/wp-json\/wp\/v2\/posts\/334\/revisions\/340"}],"wp:featuredmedia":[{"embeddable":true,"href":"https:\/\/laboratorios.ufrrj.br\/farmaciaescola\/wp-json\/wp\/v2\/media\/108"}],"wp:attachment":[{"href":"https:\/\/laboratorios.ufrrj.br\/farmaciaescola\/wp-json\/wp\/v2\/media?parent=334"}],"wp:term":[{"taxonomy":"category","embeddable":true,"href":"https:\/\/laboratorios.ufrrj.br\/farmaciaescola\/wp-json\/wp\/v2\/categories?post=334"},{"taxonomy":"post_tag","embeddable":true,"href":"https:\/\/laboratorios.ufrrj.br\/farmaciaescola\/wp-json\/wp\/v2\/tags?post=334"}],"curies":[{"name":"wp","href":"https:\/\/api.w.org\/{rel}","templated":true}]}}